{"id":459,"date":"2012-08-29T12:10:49","date_gmt":"2012-08-29T12:10:49","guid":{"rendered":"https:\/\/cih.org.br\/?p=459"},"modified":"2012-08-29T12:20:35","modified_gmt":"2012-08-29T12:20:35","slug":"pergaminho-voador-no-xxxiii-visoes-dos-quadrados-sobre-as-tabelas-enochianas","status":"publish","type":"post","link":"https:\/\/cih.org.br\/?p=459","title":{"rendered":"Pergaminho Voador No. XXXIII &#8211; Vis\u00f5es dos quadrados sobre as tabelas Enochianas"},"content":{"rendered":"<p lang=\"es-ES\" align=\"center\"><span style=\"font-size: xx-large;\"><strong>Pergaminho Voador No. XXXIII<\/strong><\/span><\/p>\n<p align=\"center\"><span style=\"font-size: xx-large;\"><br \/>\n<\/span><em>Vis\u00f5es dos quadrados sobre as tabelas Enochianas<\/em><\/p>\n<p lang=\"es-ES\" align=\"center\"><strong>Uma vis\u00e3o do Quadrado do \u00c2ngulo Menor do Ar da Tabela da \u00c1gua<\/strong><\/p>\n<p lang=\"es-ES\" align=\"center\">\u00a0<a href=\"https:\/\/cih.org.br\/wp-content\/uploads\/2012\/08\/tradition_fr33_pict_water.gif\"><img loading=\"lazy\" decoding=\"async\" class=\"aligncenter size-full wp-image-460\" title=\"tradition_fr33_pict_water\" src=\"https:\/\/cih.org.br\/wp-content\/uploads\/2012\/08\/tradition_fr33_pict_water.gif\" alt=\"\" width=\"358\" height=\"128\" srcset=\"https:\/\/cih.org.br\/wp-content\/uploads\/2012\/08\/tradition_fr33_pict_water.gif 358w, https:\/\/cih.org.br\/wp-content\/uploads\/2012\/08\/tradition_fr33_pict_water-300x107.gif 300w\" sizes=\"auto, (max-width: 358px) 100vw, 358px\" \/><\/a><\/p>\n<p lang=\"es-ES\" align=\"justify\">Depois de vibrar os nomes do \u00e2ngulo do Ar da \u00c1gua e lendo a Chamada, me parece estar no Ar, ascendendo numa corrente de finas gotas de \u00e1gua que saem de todas as dire\u00e7\u00f5es, e onde cada cor do arco-\u00edris \u00e9 diminuto e luminoso. Busco a causa e vejo sob uma tremenda queda d&#8217;\u00e1gua que se precipita \u00e0 profundidade, e a atmosfera em que me encontro \u00e9 a brisa produzida pela cascata. Chamei a Ahephi para que se mostrasse com a forma de Deus, como antes mas parado sobre uma pir\u00e2mide composta pelos Elementos vivos. Os lados da \u00c1gua do Quadrado, era duas ondas azul-esverdeadas, subindo e baixando em um movimento cont\u00ednuo, e teve a ideia de um cansa\u00e7o extremo. Fiz os sinais de 5\u00b0 = 6\u00b0 para provar-lhe e pedi que me mostrasse a Esfinge. Esta apareceu num verde-amarelado atr\u00e1s de Ahephi, agachando-se, com seus bra\u00e7os humanos extendendo-se \u00e0 frente. Uma coroa de prata com safiras adornava sua cabe\u00e7a de Le\u00e3o. Saudei-lhe com os sinais que foram retornados. Perguntei-lhe pela for\u00e7a do Quadrado, mas n\u00e3o compreendi com clareza. Parecia mover-se com dificuldade, trabalhando imperceptivelmente com a purifica\u00e7\u00e3o e limpeza que emanava dela.<\/p>\n<p lang=\"es-ES\" align=\"justify\">Os elementais que eu tinha eram como os do Quadrado \u201cn\u201d, mas menores e em cores do arco-\u00edris, movendo-se rapidamente. Levavam copas em suas m\u00e3os, como L\u00f3tus que capturavam algumas gotas que o ar da brisa que os levava. Seu trabalho sobre a Terra parecia o de limpar o magnetismo. N\u00e3o pude ter nenhum grande esclarecimento, apesar de tentar por bastante tempo.<\/p>\n<p lang=\"es-ES\" align=\"justify\">VIGILATE<\/p>\n<p lang=\"es-ES\" align=\"justify\"><strong>Uma vis\u00e3o do Quadro \u201cX\u201d em \u00c2ngulo Menor da \u00c1gua da Tabela de Fogo.<\/strong><\/p>\n<p lang=\"es-ES\" align=\"center\"><a href=\"https:\/\/cih.org.br\/wp-content\/uploads\/2012\/08\/tradition_fr33_pict_fire.gif\"><img loading=\"lazy\" decoding=\"async\" class=\"aligncenter size-full wp-image-461\" title=\"tradition_fr33_pict_fire\" src=\"https:\/\/cih.org.br\/wp-content\/uploads\/2012\/08\/tradition_fr33_pict_fire.gif\" alt=\"\" width=\"277\" height=\"124\" \/><\/a><\/p>\n<p align=\"justify\">Elevei-me pela pir\u00e2mide com a Luz Branca, que flu\u00eda para baixo da c\u00faspide, e veio ao c\u00e9u, onde as mesmas cores se repetiam como no amanhecer. A colossal pir\u00e2mide com Amesheth sobre ela, uma figura mumificada em branco, as laterais eram em cor semelhante \u00e0 pir\u00e2mide, e o rosto de apar\u00eancia humana era azul, o mesmo azul que vi nas pinturas eg\u00edpcias; fiz os sinais e pronunciei os nomes pedindo que me permitisse ver ao Anjo. Ela apareceu com uma lua crescente azul, seu cabelo castanho era muito abundante e comprido. Sua t\u00fanica tinha uma cor azul p\u00e1lida e bordas negras, e levava um pentagrama vermelho sobre seu peito: suas asas eram azuis, tal como a copa da m\u00e3o esquerda, e na m\u00e3o direita carregava uma tocha vermelha. Ao redor dela havia um diamante de pontos vermelhos. Me disse que seu of\u00edcio era \u201c modificar atrav\u00e9s do sofrimento para espiritualizar a natureza material\u201d. Disse-lhe que seu p\u00e1lido rosto e seus olhos azuis tinham uma terna express\u00e3o de tristeza quando falava. Os inferiores (esp\u00edritos) eram menores, e todos tinham asas. Os elementais eram como tristes servidores, que emanavam chamas com suas t\u00fanicas de bordas negras. Alguns levavam elmos e capas com asas, peitorais e espadas vermelhos e caneleiras negras. Foi dito que s\u00f3 pelo conheceimento de Amesheth tudo isso foi mostrado a mim.<\/p>\n<p lang=\"pt-BR\" align=\"justify\">Ent\u00e3o vi a Esfinge. Sua cabe\u00e7a era de \u00e1guia azul, tinha asas em suas costas, a cauda e as patas traseiras eram negras como as de um touro, e as dianteiras e o peito como as de um le\u00e3o vermelho. A criatura se postou em um pedestal de m\u00e1rmore negro. Lhe saudei e chamei pelos nomes para que informasse seu of\u00edcio e sua qualidade universal; disse: \u201c \u00c9 uma mudan\u00e7a e desenvolvimento, aparentemente sem harmonia, mas que cresce est\u00e1vel depois dos primeiros esfor\u00e7os\u201d.<\/p>\n<p lang=\"pt-BR\" align=\"justify\">Nos elementos (tempo metereol\u00f3gico), as inunda\u00e7\u00f5es e raios refrescam a Terra. Os elementais e anjos foram descritos acima. Os efeitos gerais do Quadro sobre a Terra, \u00e9 a parte dos esfor\u00e7os desequilibrados do universo natural at\u00e9 a perfei\u00e7\u00e3o, esfor\u00e7os que se dirigem totalmente ao esp\u00edrito, e que s\u00e3o todos necess\u00e1rios. Quando s\u00e3o tomados todos juntos, se equilibram. Na Tabela h\u00e1 um n\u00famero igual de tri\u00e2ngulos para cada elemento.<\/p>\n<p lang=\"pt-BR\" align=\"justify\">Sobre este Mundo os efeitos s\u00e3o os que fluem da \u00e1gua, mesclando-se com os vulc\u00f5es submarinos perturbando a terra sob o mar. A vida animal \u00e9 representada por peixes que descansam entre pedras nos climas c\u00e1lidos. Eu parecia v\u00ea-los, azuis com pintas pretas ou vermelhas. As plantas s\u00e3o nen\u00fafares, uma raiz negra na lama, com folhas pairando sobre a \u00e1gua, amantes do Sol. Com respeito aos minerais, vi uma grande opala azulada com iridesc\u00eancias vermelhas, descansando sobre uma base de m\u00e1rmore negro, irradiando uma amorosa luz por todos os lados.<\/p>\n<p lang=\"pt-BR\" align=\"justify\">O efeito do Quadro no homem \u00e9 a falta de descanso, como as ondas do mar, levando-lhe com entusiasmo para cumprir o seu trabalho. Me pareceu ver uma pessoa nervosa de rosto p\u00e1lido, olhos escuros e profundos, e pequenas m\u00e3os brancas, fazendo um grande esfor\u00e7o, desejando passar atrav\u00e9s do fogo para alcan\u00e7ar sua meta, um pedestal negro e s\u00f3lido, do que reconheci, poderia elevar-se nas alturas. Mas as nuvens ardentes de vapor e uma grande quantidade de \u00e1gua tratava de faze-lo retroceder para o fogo. A li\u00e7\u00e3o me pareceu uma cr\u00edtica severa, as dificuldades sociais e heredit\u00e1rias devem ser vencidas antes de alcan\u00e7ar \u00e0 purifica\u00e7\u00e3o do fogo da inicia\u00e7\u00e3o e que depois disso, se forma uma s\u00f3lida base do conhecimento espiritual.<\/p>\n<p lang=\"es-ES\"><em>F.E.R. (ou seja, Miss Horniman)<\/em><\/p>\n<p lang=\"es-ES\"><strong>Uma vis\u00e3o do Quadro \u201cn\u201d do \u00c2ngulo Menor do Ar da Tabela do Fogo<\/strong><\/p>\n<p lang=\"es-ES\" align=\"center\"><a href=\"https:\/\/cih.org.br\/wp-content\/uploads\/2012\/08\/tradition_fr33_pict_fig5.gif\"><img loading=\"lazy\" decoding=\"async\" class=\"aligncenter size-full wp-image-462\" title=\"tradition_fr33_pict_fig5\" src=\"https:\/\/cih.org.br\/wp-content\/uploads\/2012\/08\/tradition_fr33_pict_fig5.gif\" alt=\"\" width=\"357\" height=\"164\" srcset=\"https:\/\/cih.org.br\/wp-content\/uploads\/2012\/08\/tradition_fr33_pict_fig5.gif 357w, https:\/\/cih.org.br\/wp-content\/uploads\/2012\/08\/tradition_fr33_pict_fig5-300x137.gif 300w\" sizes=\"auto, (max-width: 357px) 100vw, 357px\" \/><\/a><\/p>\n<p lang=\"pt-BR\" align=\"justify\">Formei uma pir\u00e2mide sobre mim. Quando passei, pela pir\u00e2mide do plano e vi imediatamente que uma face amarela se dirigia at\u00e9 mim, e uma luz branca e brilhante no topo. Me aproximei e vi a Ahephi no centro do brilho, ele mesmo branco e luminoso. Ao cham\u00e1-lo, virou a cabe\u00e7a e respondeu com o sinal 5\u00b0 = 6\u00b0 inclinando-os. Disse que queria uma entrevista com a Esfinge da pir\u00e2mide, consentiu e fez que descendesse at\u00e9 ali.<\/p>\n<p lang=\"es-ES\" align=\"justify\">A vi facilmente e de uma \u00fanica vez, mas suas cores n\u00e3o eram brilhantes. Lhe pedia que me explicasse as for\u00e7as que lhe eram correspondentes, iniciando pela for\u00e7a universal que ele representava. Respondeu com express\u00f5es, pois eu estava surdo \u00e0s palavras: \u201cRepresentou \u00e0s for\u00e7as ativas entre as \u00e1guas acima e as \u00e1guas abaixo, o firmamento separando as \u00e1guas e energizando pelo fogo. Duas for\u00e7as ativas operando no meio de uma for\u00e7a polarizada e passiva. N\u00e3o podes ver pessoalmente a aplica\u00e7\u00e3o universal desta correspond\u00eancia; mas pode ve-la na natureza e no clima, onde o fogo e o ar mant\u00e9m afastadas as \u00e1guas acima e abaixo. Representados por uma atmosfera nebulosa com um mar abaixo, enquanto que o ar do meio \u00e9 seco e se move continuamente: n\u00e3o h\u00e1 possibilidade de que chova por mais evapora\u00e7\u00e3o que haja. \u00c9 um clima est\u00e1vel com altas nuvens circulares enchendo a atmosfera\u201d. Disse depois: \u201cRepresento na Cria\u00e7\u00e3o a separa\u00e7\u00e3o das \u00e1guas; a express\u00e3o da forma f\u00edsica fora de todo o astrl; e tamb\u00e9m o reverso, a restaura\u00e7\u00e3o do f\u00edsico ao astral. Sou portanto uma das for\u00e7as atrav\u00e9s das quais o fogo pode atuar. Como figura de homem, tem um rosto redondo e umas partes menores e pernas, com atividade e for\u00e7a, mas talvez menos desajeitado, costas e bra\u00e7os, seu tipo de mente \u00e9 muito boa, e ser\u00e1 meditativa, e esta medita\u00e7\u00e3o ser\u00e1 acompanhada de um racioc\u00ednio sutil e diligente., e um pensamento energ\u00e9tico, esta guiar\u00e1 aqueles que desejem comparar o inferior com o superior. Porque a sorte da mente \u00e9 encontrar por si mesma que \u201co que est\u00e1 acima \u00e9 igual ao que est\u00e1 abaixo\u201d. Esta \u00e9 uma grande verdade da natureza. Porque ele dirige sua aten\u00e7\u00e3o de forma igual, tanto com o que est\u00e1 acima como com aquilo que est\u00e1 abaixo, por isso o fil\u00f3sofo combina a religi\u00e3o e a ci\u00eancia em sublime uni\u00e3o\u201d.<\/p>\n<p lang=\"es-ES\" align=\"justify\">Entre os animais n\u00e3o pude ver outro que n\u00e3o fosse o elefante, e da natureza mental do elefante, que \u00e9 considerada meditativa desde o ponto de vista animal, por sua intelig\u00eancia, for\u00e7a filos\u00f3fica, constitui\u00e7\u00e3o aquosa, e por seu sangue quente, me inclino a pensar que a atribui\u00e7\u00e3o \u00e9 correta, ainda que tenha me parecido incongruente no in\u00edcio. E mais: o uso do Tau n\u00e3o alterou a vis\u00e3o.<\/p>\n<p lang=\"es-ES\" align=\"justify\">Entre as frutas recebi a impress\u00e3o da banana. Entre os minerais vi uma coluna de cristal laranja com termina\u00e7\u00f5es piramidais, creio que era hexagonal.<\/p>\n<p lang=\"es-ES\" align=\"justify\">Perguntei-lhe (\u00e0 Esfinge) para mostrar-me o anjo,e acompanhar-me par afora, para ver-lhe. Ela apareceu assim: face redonda, cabelo curto e eri\u00e7ado, um halo brilhante e marrom, e uma pequena coroa de outro. T\u00fanica indo do peito aos p\u00e9s de cor azul, com um cintur\u00e3o branco e dourado, com o nome em ouro, e uma cor branca no centro da t\u00fanica. As asas eram pequenas e de uma cor azul esbranqui\u00e7ada. Em sua m\u00e3o direita mantinha um peque\u00f1o bast\u00e3o de madeira parecida com cedro, com a ponta c\u00fabica e de ouro, e na m\u00e3o esquerda uma forma peculiar com a base marrom-escura.<\/p>\n<p lang=\"es-ES\" align=\"justify\">Ent\u00e3o, da base da pir\u00e2mide, vi um pais rendido. Sobre a parte amarela e a certa dist\u00e2ncia se encontrava num mar, passando ao redor pela direita, se achava um ladrilho de maneira obscura, a terra se elevava gradualmente pelo lado oposto, o lado vermelho emergiu como um deserto arenoso, cujas dunas se elevavam at\u00e9 um banco de areia que tapava tudo que estava atr\u00e1s dele; passando ao redor at\u00e9 o quarto lado, se encontrava um pa\u00eds plano. Haviam lagos e p\u00e2ntanos, e mais al\u00e9m um peque\u00f1o bosque. Os lagos e p\u00e2ntanos pareciam estar formados de sal e de \u00e1gua. Como se a pir\u00e2mide fosse o ponto onde as \u00e1guas do mar se tocavam com a \u00e1gua doce, ainda que n\u00e3o se soubesse onde acabava uma e come\u00e7ava a outra, qual era a \u00e1gua salgada e qual a \u00e1gua doce. N\u00e3o havia uma entrada para o mar nem uma sa\u00edda ou rio da terra.<\/p>\n<p><a name=\"result_box\"><\/a> <em>Anima Pura Sit <\/em>(ou seja, o Dr. Pullen-Berry)<\/p>\n<p>&nbsp;<\/p>\n<p>&nbsp;<\/p>\n<p lang=\"es-ES\" align=\"center\"><strong>Uma vis\u00e3o do Quadrado \u201cc\u201d do \u00c2ngulo Menor da Terra da Tabela do Ar.<\/strong><\/p>\n<p lang=\"es-ES\" align=\"center\">\u00a0<a href=\"https:\/\/cih.org.br\/wp-content\/uploads\/2012\/08\/tradition_fr33_pict_kabexnu.gif\"><img loading=\"lazy\" decoding=\"async\" class=\"aligncenter size-full wp-image-463\" title=\"tradition_fr33_pict_kabexnu\" src=\"https:\/\/cih.org.br\/wp-content\/uploads\/2012\/08\/tradition_fr33_pict_kabexnu.gif\" alt=\"\" width=\"355\" height=\"124\" srcset=\"https:\/\/cih.org.br\/wp-content\/uploads\/2012\/08\/tradition_fr33_pict_kabexnu.gif 355w, https:\/\/cih.org.br\/wp-content\/uploads\/2012\/08\/tradition_fr33_pict_kabexnu-300x104.gif 300w\" sizes=\"auto, (max-width: 355px) 100vw, 355px\" \/><\/a><\/p>\n<p align=\"justify\">Tendo ensaiado a 8a. Chamada Angelical, e encerrando-me na pir\u00e2mide acima, vibrando os nomes, segui a meu raio e me instalei em uma atmosfera seca e quente; e portanto invoquei ao Deus Kabexnuf pelo poder de c.n.m.o., sobre cuja apar\u00eancia utilizei todas as provas e soube que havia se fortalecido. A minha chamada se manifestou \u00e0 Esfinge de seu poder, fazendo-se vis\u00edvel. Descansava sobre um cubo negro. Uma vez que fiz os sinais e realizei as provas, lhe perguntei pela informa\u00e7\u00e3o do Quadro, quando repeti as invoca\u00e7\u00f5es apareceu diante de mim o Anjo, uma poderosa figura viril de propor\u00e7\u00f5es requintadas e for\u00e7a. Me mostrou a a\u00e7\u00e3o no Macrocosmos, onde uma nuvem ia se solidificando em mundos pela atra\u00e7\u00e3o das part\u00edculas. Ent\u00e3o, sobre este planeta, descansamos na boca de um vulc\u00e3o em erup\u00e7\u00e3o, nos cubriu a lava. Era intensamente quente, e mecanicamente formulei o desejo de envolver-me em Apas, mas uma voz externa disse: \u201cN\u00e3o deves faze-lo, se desejas aprender, deves suportar o mal-estar\u201d. Os lados do vulc\u00e3o come\u00e7aram a cristalizar-se em gotas de fogo que eram ouro vivo; pedi outra cena e fui elevado a um plano superior onde havia um bosque luxurioso, plantas tropicais escarlates e laranja que balan\u00e7avam com ondula\u00e7\u00f5es produzidas por uma brisa impercept\u00edvel. A terra onde cresciam eram de uma rica cor negra, mas era purificada pelos raios do Sol at\u00e9 converter-se em branca, porque e=foi dito que estiveram em um plano superior a nossas flores e desafiavam aos fortes raios pela virtude de seu pr\u00f3prio calor interno com o qual sustentavam sua vida. Este quadro mostrou-se semelhante a nossos tr\u00f3picos, fomos a\u00ed, e vi uma cena formosa sorrindo no calor do Sol; prontamente, um vento fervente se levantou arrastando pedras e p\u00f3, devastando toda a paisagem. Aqui me foram mostrados muitos tigres, e flores, e l\u00edrios tigrados e l\u00edrios japoneses vermelhos em abund\u00e2ncia. O elemental era um p\u00e1ssaro que pousava rapidamente na terra; sua influ\u00eancia sobre a natureza humana outorgava o desejo de uma sensa\u00e7\u00e3o violenta.<\/p>\n<p><a name=\"result_box1\"><\/a> <em>Resurgam <\/em><em>(ou seja, Dr. Berridge).<\/em><em> <\/em><\/p>\n<p align=\"center\"><strong>Uma vis\u00e3o do Quadrado \u201cN\u201d do \u00c2ngulo Menor do Ar da Tabela da \u00c1gua<\/strong><strong>.<\/strong><\/p>\n<p lang=\"es-PR\" align=\"justify\">O nome completo \u00e9 nhdD e o Deus da Pir\u00e2mide \u00e9 Ahephi.<\/p>\n<p lang=\"es-PR\" align=\"justify\">\u201cDepois de recitar a 4a. e a 10a. Chamadas Enochianas e invocando os Nomes Ang\u00e9licos da Tabela da \u00c1gua e do \u00c2ngulo do Ar, me sentia levado pelas suaves ondas de um Ar morno e \u00famido, atrav\u00e9s do qual podia ver um c\u00e9u azul brilhante com nuvens de acinzentadas cruzando com velocidade. Voei pelo Ar at\u00e9 encontrar a mim mesmo numa imensa plan\u00edcie arenosa, com pouca vegeta\u00e7\u00e3o \u00e0 minha direita e um grande rio \u00e0 esquerda com gramas e \u00e1rvores nas margens. Proveniente do rio soprava uma brisa fresca por toda a plan\u00edcie, a qual parecia refrescar o verde ap\u00f3s o calor do dia.<\/p>\n<p align=\"justify\">\u201cInvoquei a Ahephi para que se mostrasse, e sua forma gradualmente encheu o lugar at\u00e9 a cena desaparecer por completo. Posto \u00e0 prova com as letras, a forma se tornou imensamente grande. Pareceia que levava um Nemyss com faixas amarelas e azuis, vestimentas brancas, capas esbranqui\u00e7adas e amplas faixas azuis ao seu redor e era rodeado por uma luz amarelo esverdeada. Fiz os sinais de L.V.X. e pedi que me mostrasse a esfinge de seu poder. Esta apareceu gradualmente atrav\u00e9s da luz amarela detr\u00e1s da forma Divina, coma cabe\u00e7a humana, face muito branca e brilhante, asas, nemyss amarela e azul, garras de \u00c1guia extendidas para frente e patas traseiras e cauda de le\u00e3o em posi\u00e7\u00e3o reclinada. \u201cAo perguntar pela a\u00e7\u00e3o da for\u00e7a do Quadrado foi mostrada uma bolha de \u00e1gua na qual se soprava ar continuamente, at\u00e9 que explodisse desaparecendo, parecendo ent\u00e3o que sua energia adotava outras formas e passava a estar sob a reg\u00eancia de algum outro quadrado. Dava a sensa\u00e7\u00e3o de uma a\u00e7\u00e3o transit\u00f3ria, sendo a iniciadora de condi\u00e7\u00f5es novas mas que s\u00e3o um fim em si mesmas. Perguntei quais eram os seus efeitos na terra, e fui levado na cena que havia deixado, vendo outra vez como a brisa \u00famida do rio deu nova vida \u00e0 vegeta\u00e7\u00e3o que durante o dia havia se tornado murcha. Perguntei por seu efeito no mundo animal e me mostrou um cervo junto a um lago. Uma corrente de for\u00e7a que passava acima dele parecia provocar o amanhecer da raz\u00e3o e os vislumbres da consci\u00eancia, os primeiros impulsos conscientes de um animal. No homem parecia atuar sobre o c\u00e9rebro, produzindo um vago movimento ondulat\u00f3rio que impedia o foco do pensamento e a delimita\u00e7\u00e3o das ideias, quer dizer, provocava a perda do poder da concentra\u00e7\u00e3o.<\/p>\n<p lang=\"es-PR\" align=\"justify\">\u201cPedi em seguida que pudesse ver os elementais do plano, e apareceram uma grande quantidade de figuras humanas de tamanho pequeno, de pele clara, com uma express\u00e0o de atividade no rosto, e de corpo largo em rela\u00e7\u00e3o \u00e0 cabe\u00e7a. Tendo grandes asas de lib\u00e9lulas que eram irisdescentes e pareciam refletir a cor das coisas circundantes.<\/p>\n<p lang=\"es-PR\" align=\"justify\">\u201cFiz os Sinais de 5=6 para a Esfinge e depois invoquei ao Anjo do Quadrado, Vi acima do Deus a figura que eu havia desenhado \u2013 as Asas de sua Coroa era azuis, a cor verde amarelada e os p\u00e9s descal\u00e7os\u201d.<\/p>\n<p lang=\"es-PR\" align=\"center\"><strong>Uma Vis\u00e3o do Quadrado \u201c1\u201d do \u00c2ngulo Menor da Terra da Tabela do Ar. <\/strong><\/p>\n<p lang=\"es-PR\" align=\"justify\">Nome ISha. O Deus da Pir\u00e2mide \u00e9 An\u00fabis.<\/p>\n<p lang=\"es-PR\" align=\"justify\">\u201cEsta atmosfera era \u00famida e fria. Eu estava no cume da montanha, envolto pelas nuvens, e l\u00e1, ap\u00f3s ter ensaiado as Chamadas Angelicais e vibrado os nomes, contemplei a figura de An\u00fabis em tamanho colossal, o qual, ap\u00f3s um lapso de tempo, me mostrou a esfinge de seu Poder. Esta, por sua vez, me mostrou o Anjo feminino poderoso que respondeu os meus sinais e, quando estava fazendo o de Theoricus, vi que descendia um raio brilhante \u00e0 palma aberta de cada uma de suas m\u00e3os. Quando pedi informa\u00e7\u00e3o e orienta\u00e7\u00e3o, ela me entregou um desses raios, que sustentei como uma corda de cristal cuja ponta superior estava no Eterno. O Anjo me conduziu atrav\u00e9s dos \u00c9teres e, ap\u00f3s uma certa dist\u00e2ncia, contemplei inumer\u00e1veis estrelas e mundos.<\/p>\n<p lang=\"es-PR\" align=\"justify\">\u201cAtrav\u00e9s de S\u00f3is brilhantes passavam part\u00edculas que sa\u00edam pelo outro lado como nuvens enegrecidas. Depois apareceu uma m\u00e3o poderosa que reuniu estas cinzas e as soldou entre si, formando uma massa imensa e sem vida. Em seguida, retornamos a nossa Terra, uma certa cena fria, toda de neve e enormes blocos de gelo. O frio era intenso, mas eu n\u00e3o o sentia. Havia ursos polares e focas e tamb\u00e9m muitas gaivotas. Em alguns momentos o gelo estava im\u00f3vel, mas em outros momentos era movido violentamente, batendo os blocos um contra o outro, fazendo um barulho ensurdecedor. Os habitantes do lugar eram pequenos e sem sangue, estando fundamentalmente envoltos em peles de urso polar.<\/p>\n<p lang=\"es-PR\" align=\"justify\">\u201cNo Homem, a influ\u00eancia deste Quadrado o faz impetuoso na aus\u00eancia de dificuldade mas instantaneamente desesperado frente a qualquer obst\u00e1culo, abandonando em seguida todo projeto. Seus elementais era criaturas s\u00e9rias como p\u00e1ssaros com faces semi-humanas. Seus seres espirituais s\u00e3o belos e di\u00e1fanos Anjos de cor marrom clara com faces s\u00e9rias mas doces. Todos estavam muito ocupados quando os vi. Alguns tinham a m\u00e3o direita prateada e mercuriosa a direita, mesclando em um certo recipiente dourado, do qual imediatamente brotada p\u00e1lida chama de cor dourada que crescia mais e mais, extendendo-se por todos os Mundos. Outros levavam a frase \u201cSolve et Coagula\u201d bordada em seus cintos, e mesclavam a \u00e1gua e o princ\u00edpio do frio que traziam em um par de balan\u00e7as, sendo o resultado da uni\u00e3o o c\u00e9u da regi\u00e3o em que nos encontr\u00e1vamos. Me perguntava se tudo isso teria alguma contraparte na natureza humana, e nas possibilidades de desenvolvimento da mesma, quando apareceram, dois personagens. Um era um anci\u00e3o que se esfor\u00e7ava penosamente por avan\u00e7ar e o outro um menino que ia alegremente andando aos saltos. Quando j\u00e1 estavam longe, apareceu entre eles uma figura radiante vestida de ouro levando diante de si o signo da Libra como uma esmeralda vivente. Compreendi ent\u00e3o que somente na reconcilia\u00e7\u00e3o das duas for\u00e7as, a fixa e a vol\u00e1til, se encontra o \u201ccaminho que leva ao equil\u00edbrio\u201d. Ao perguntar pelas plantas, me foram mostrados alguns cogumelos que me pareceram consoantes com este quadrado\u201d.<\/p>\n<p lang=\"es-PR\" align=\"center\"><strong>Uma Vis\u00e3o do Quadrado \u201cC\u201d no \u00c2ngulo Menor da \u00c1gua da Tabela do Ar.<\/strong><\/p>\n<p lang=\"es-PR\" align=\"justify\">Nome: CPao. Deus da Pir\u00e2mide: Hoorpokrati.<\/p>\n<p lang=\"es-PR\" align=\"justify\">\u201cLi as Chamadas 3a e 7a. Vibrei o nome Oro Ibah Aozpi, Bataivah, o nome do Anjo CPao.<\/p>\n<p lang=\"es-PR\" align=\"justify\">O Deus Eg\u00edpcio \u00e9 Harp\u00f3crates.<\/p>\n<p align=\"justify\">\u201cEncontrei a mim mesmo no ar em meio a redemoinhos de nuvens. Projetei-me para diante nos nomes anteriores. Vi o Anjo de tamanho colossal vestido de branco. Provei-o com uma Tau e com a Beth coladas sobre a forma, mas n\u00e3o houve mudan\u00e7a alguma, ent\u00e3o retirei as letras. As nuvens pareciam flutuar ao redor do Anjo. Saudei com os Sinais LVX e pedi para ver o Deus Eg\u00edpcio, o qual apareceu de tamanho igualmente colossal, com o Anjo como que flutuando sobre sua cabe\u00e7a. Coloquei-lhe \u00e0 prova como antes.<\/p>\n<p lang=\"es-PR\" align=\"justify\">\u201cVibrei Hoorpokrati pela segunda vez, saudei novamente e pedi para ver a Esfinge. Tanto o Anjo como Harpocrates retornaram o sinal de sauda\u00e7\u00e3o. Em seguida apareceu a Esfinge com cabe\u00e7a de \u00c1guia, parte inferior humana, asas de \u00c1guia para um lado e bra\u00e7os humanos para o outro. Provei-a e a saudei como anteriormente. A Esfinge era de tamanho colossal.<\/p>\n<p lang=\"es-PR\" align=\"justify\">\u201cEm seguida vibrei todos os nomes uma e outra vez pedindo para saber o significado do Quadrado. Disse-me que esta era a regi\u00e3o astral das tormentas e das nuvens de chuva acompanhadas pelo vento. Vi elementais em t\u00fanicas cinzentas ou de cor perolada flutuando nas nuvens brancas de algod\u00e3o. (Nota: eu os percebi mais acizentados e menos definidos \u2013 D.D.C.F.). Entre nuvens escuras de tormenta vi tamb\u00e9m algumas formas vestidas de um cinza escuro e l\u00fagubre que portavam raios, como nas imagens de Zeus; entra elas muitas tinham cabe\u00e7a de \u00c1guia. Em um instante vi uma com a Coroa. Pedi-lhe que me ensinasse e, tomando-me pela m\u00e3o, atravessando uma dist\u00e2ncia enorme al\u00e9m da Terra que se tornou invis\u00edvel. Seguimos ent\u00e3o no meio do mesmo ambiente at\u00e9 que vi o Sol dessa regi\u00e3o, brilhando de forma abundante, mas as nuvens frequentemente cruzavam diante dele, enquanto que agora estavam debaixo de n\u00f3s, ainda que apenas parcialmente. Disse-me que a natureza deste Quadrado era abastecer as for\u00e7as do plano Astral que geravam vento, chuva, nuvens e tormentas no plano natural. Tamb\u00e9m me disse que estas tinham um lugar em todo o Universo, mas com um efeito diferente. T\u00e3o somente em nosso malvado planeta o efeito era \u00e0s vezes desastroso, havendo sido perfertido de sua inten\u00e7\u00e3o original pela nossa esfera maligna. Mas em outros planos mais elevados, o efeito era sempre ben\u00e9fico, limpando o que haja cumprido seu prop\u00f3sito e substituindo por influ\u00eancias novas. Dava a impress\u00e3o de que a regi\u00e3o atribu\u00edda a este Quadrado n\u00e3o tinha limites. Atravessamos uma dist\u00e2ncia enorme, mas seu fim nunca parecia estar pr\u00f3xima. Ent\u00e3o, ele me trouxe de volta. Agradeci-lhe e saudei o Anjo, a Hoorpokrati e \u00e0 Esfinge. Retornei para casa, vendo vagamente meu corpo natural antes de retornar a ele\u201d.<\/p>\n<p align=\"center\"><strong>Observa\u00e7\u00f5es a respeito das Vis\u00f5es Enochianas nos Quadrados das Tabelas<\/strong><\/p>\n<p style=\"text-align: left;\" align=\"center\">\u00a0Por Frater Goya (Anderson Rosa)<\/p>\n<p align=\"justify\">Quando lemos as descri\u00e7\u00f5es dadas no presente pergaminho, fica bastante evidente a presen\u00e7a de um ide\u00e1rio m\u00e1gico, de acordo com a tradi\u00e7\u00e3o da Golden Dawn. Isto \u00e9, para aquelas pessoas envolvidas no processo de investiga\u00e7\u00e3o dos quadrados enochianos, n\u00e3o bastava a experi\u00eancia e seu relato. Como funciona isso?<\/p>\n<p align=\"justify\">A Hermetic Order of the Golden Dawn possu\u00eda uma mitologia pr\u00f3pria, apesar de se apropriar de elementos da mitologia grega, judaico-crist\u00e3, e eg\u00edpcia por exemplo. Embora as divindades fossem as mesmas da mitologia tradicional, esta mitologia era submetida ao entendimento da Golden Dawn e seus membros acerca dos mesmos.<\/p>\n<p align=\"justify\">Nos cursos que realizamos no C\u00edrculo Inici\u00e1tico de Hermes (C:.I:.H:.), \u00e9 nosso h\u00e1bito tentar n\u00e3o influenciar nossos membros com as nossas interpreta\u00e7\u00f5es das nossas percep\u00e7\u00f5es ou das percep\u00e7\u00f5es individuais. Desde pequenos, somos informados sobre o conceito de realidade do nosso mundo. Como ele se parece, como funciona, etc. A mesma coisa acontece em rela\u00e7\u00e3o \u00e0s nossas cren\u00e7as religiosas ou espirituais. Se formos crist\u00e3os, e tivermos a vis\u00e3o espiritual de alguma energia, rapidamente vamos buscar identifica-la com a Virgem Maria, o Esp\u00edrito Santo, Jesus, o Diabo, ou qualquer um dos Santos. Se formos criados dentro do espiritismo kardecista, veremos essa mesma manifesta\u00e7\u00e3o como uma vida anterior, como um familiar falecido recentemente (ou n\u00e3o), ou mesmo como o esp\u00edrito desencarnado de algu\u00e9m famoso. J\u00e1 se formos vinculados \u00e0 ufologia, veremos extraterrestres ou seres intraterrenos. E um membro da Hermetic Order of The Golden Dawn, tinha nas suas percep\u00e7\u00f5es deuses eg\u00edpcios, anjos da mitologia hebraica, e elementais segundo a \u00f3tica da teosofia, tudo isso dentro da mesma percep\u00e7\u00e3o de uma manifesta\u00e7\u00e3o espiritual e funcionando de forma harmoniosa! Estariam todos errados?<\/p>\n<p align=\"justify\">\u00c9 evidente que n\u00e3o! O que acontecia e ainda acontece, \u00e9 que durante uma percep\u00e7\u00e3o espiritual de um determinado evento, temos a necessidade de interpret\u00e1-lo buscando compreender aquilo que estamos percebendo. E essa interpreta\u00e7\u00e3o est\u00e1 sujeita ao nosso amadurecimento psicol\u00f3gico, e tamb\u00e9m est\u00e1 submetida \u00e0quilo que aprendemos durante nossa jornada espiritual. Ao inv\u00e9s de enxergar a energia de forma pura, precisamos vesti-la. Se Nostradamus durante suas vis\u00f5es, tivesse uma relativa a um metr\u00f4 subterr\u00e2neo, ele n\u00e3o seria capaz de compreend\u00ea-lo, j\u00e1 que na \u00e9poca em que viveu ainda n\u00e3o haviam sido inventados os metr\u00f4s. Portanto, ele descreveria um metr\u00f4 da seguinte forma: \u201cE na minha vis\u00e3o fui capaz de ver um grande drag\u00e3o coberto de escamas de metal brilhante, semelhantes \u00e0 Gl\u00f3ria de Deus, e que caminhava sobre e sob a terra, e de tempos em tempos engolia enormes quantidades de pessoas que se ofereciam em sacrif\u00edcio a ele voluntariamente, para momentos depois serem expelidas pelo seu ventre met\u00e1lico, provavelmente renovadas pelo contato com a imensa fera&#8230;\u201d. Estaria Nostradamus errado? N\u00e3o. Simplesmente, ele interpretou o que viu de acordo com aquilo que ele conhecia.<\/p>\n<p align=\"justify\">Da mesma forma, os membros da Golden Dawn, ao buscarem a experi\u00eancia dos Quadrados das Tabelas Elementares, tinham a necessidade e a forma\u00e7\u00e3o de interpretar essas experi\u00eancias de acordo com regras bastante espec\u00edficas, o que iria garantir ou validar a experi\u00eancia como sendo verdadeira ou falsa. Por isso, a primeira coisa a fazer quando estavam diante de uma entidade espiritual, era utilizar os sinais do Grau 5=6 ou a utiliza\u00e7\u00e3o da Palavra Chave LVX, pois se a manifesta\u00e7\u00e3o fosse de uma entidade que n\u00e3o fosse amig\u00e1vel ou coerente com o trabalho que estivesse sendo realizado, a mesma mudaria de forma, exibindo sua forma real, ou iria se desvanecer no \u00e9ter espiritual.<\/p>\n<p align=\"justify\">Portanto, podemos deduzir diante deste pergaminho No. 33, que a GD tinha um esquema padr\u00e3o de entendimento do universo ao nosso redor, que deveria ser interpretado de acordo com regras muito espec\u00edficas (volto a dizer), e que tinham como principal objetivo, manter a sanidade do magista. Pois eram imagens n\u00e3o apenas simb\u00f3licas, mas arquet\u00edpicas, e que deveriam estar sob o controle do magista, e n\u00e3o controlando o mesmo. No caso em que essas energias fossem discordantes ou sa\u00edssem do controle do magista, ter\u00edamos o quadro conhecido como obsess\u00e3o. Ter um conjunto padr\u00e3o de s\u00edmbolos como forma de interpretar o universo era ter um dispositivo de controle da sanidade.<\/p>\n<p align=\"justify\">Hoje, no C\u00edrculo Inici\u00e1tico de Hermes (C:.I:.H:.) incentivamos os membros \u00e0 pr\u00e1tica da investiga\u00e7\u00e3o dos Quadrados das Tabelas Elementares buscando uma leitura mais fundamental, baseada na percep\u00e7\u00e3o dentro do elemento proposto, para que ele possa interpretar de acordo com o seu invent\u00e1rio pessoal, e n\u00e3o de acordo com as regras propostas apenas. Mas como garantir esta mesma sanidade proposta pela GD? Bem, de fato, ningu\u00e9m nunca garantiu ou afirmou que entre os membros da Golden Dawn n\u00e3o houvessem pessoas sugestion\u00e1veis ou de sanidade question\u00e1vel. A quest\u00e3o \u00e9 que n\u00e3o temos relatos espec\u00edficos acerca do tema, mas pelo conhecimento da hist\u00f3ria da Ordem, podemos seguramente dizer que houveram casos onde a sanidade esteve comprometida em alguns momentos. Mas o controle atual que garante uma vis\u00e3o espiritual ao inv\u00e9s de uma alucina\u00e7\u00e3o doentia, \u00e9 a coer\u00eancia dos argumentos percebidos pelo magista na sua experi\u00eancia e seu relato. Ou seja, se estou tendo uma experi\u00eancia do Quadrado da Tabela Elementar da \u00c1gua, ficaria incoerente estar num ambiente cheio de vulc\u00f5es numa \u00e1rea rochosa sem \u00e1gua ou n\u00e9voa de qualquer esp\u00e9cie, cercado por chamas. No entanto, se eu visse lagos com sereias, ou entidades elementares como a M\u00e3e-D&#8217;\u00c1gua das religi\u00f5es afro, seriam pouco discordantes do elemento, mas ainda assim v\u00e1lidos se avaliados dentro do contexto. Ainda h\u00e1 muito a se pesquisar a respeito da natureza dos Quadrados das Tabelas Elementares, e permitir uma interpreta\u00e7\u00e3o mais vasta do que o conjunto oferecido pela Golden Dawn, poder\u00e1 certamente nos garantir maior acuidade nas nossas percep\u00e7\u00f5es deste vasto mundo espiritual representado pelos quadrados.<\/p>\n<p align=\"justify\">Frater Goya<\/p>\n<p align=\"justify\">LVX<\/p>\n<p align=\"justify\">In Templo Temenos \u2013 Curitiba\/PR, Brasil<\/p>\n<p align=\"justify\">C\u00edrculo Inici\u00e1tico de Hermes \u2013 www.cih.org.br<\/p>\n","protected":false},"excerpt":{"rendered":"<p>Pergaminho Voador No. XXXIII Vis\u00f5es dos quadrados sobre as tabelas Enochianas Uma vis\u00e3o do Quadrado do \u00c2ngulo Menor do Ar da Tabela da \u00c1gua \u00a0 Depois de vibrar os nomes do \u00e2ngulo do Ar da \u00c1gua e lendo a Chamada, me parece estar no Ar, ascendendo numa corrente de finas gotas de \u00e1gua que saem &hellip; <\/p>\n<p><a class=\"more-link btn\" href=\"https:\/\/cih.org.br\/?p=459\">Continue lendo<\/a><\/p>\n","protected":false},"author":9691,"featured_media":0,"comment_status":"open","ping_status":"closed","sticky":false,"template":"","format":"standard","meta":{"footnotes":""},"categories":[20,8],"tags":[235,38,37,36,246,35,239,34,237],"class_list":["post-459","post","type-post","status-publish","format-standard","hentry","category-enochiano","category-golden-dawn","tag-abramelin","tag-anjos","tag-deuses-egipcios","tag-egito","tag-enochiano","tag-frater-goya","tag-golden-dawn","tag-magia-angelical","tag-thelema","nodate","item-wrap"],"_links":{"self":[{"href":"https:\/\/cih.org.br\/index.php?rest_route=\/wp\/v2\/posts\/459","targetHints":{"allow":["GET"]}}],"collection":[{"href":"https:\/\/cih.org.br\/index.php?rest_route=\/wp\/v2\/posts"}],"about":[{"href":"https:\/\/cih.org.br\/index.php?rest_route=\/wp\/v2\/types\/post"}],"author":[{"embeddable":true,"href":"https:\/\/cih.org.br\/index.php?rest_route=\/wp\/v2\/users\/9691"}],"replies":[{"embeddable":true,"href":"https:\/\/cih.org.br\/index.php?rest_route=%2Fwp%2Fv2%2Fcomments&post=459"}],"version-history":[{"count":0,"href":"https:\/\/cih.org.br\/index.php?rest_route=\/wp\/v2\/posts\/459\/revisions"}],"wp:attachment":[{"href":"https:\/\/cih.org.br\/index.php?rest_route=%2Fwp%2Fv2%2Fmedia&parent=459"}],"wp:term":[{"taxonomy":"category","embeddable":true,"href":"https:\/\/cih.org.br\/index.php?rest_route=%2Fwp%2Fv2%2Fcategories&post=459"},{"taxonomy":"post_tag","embeddable":true,"href":"https:\/\/cih.org.br\/index.php?rest_route=%2Fwp%2Fv2%2Ftags&post=459"}],"curies":[{"name":"wp","href":"https:\/\/api.w.org\/{rel}","templated":true}]}}