{"id":1957,"date":"2024-11-13T18:21:34","date_gmt":"2024-11-13T18:21:34","guid":{"rendered":"https:\/\/cih.org.br\/?p=1957"},"modified":"2024-11-13T18:21:35","modified_gmt":"2024-11-13T18:21:35","slug":"as-diversas-formas-de-percepcao-extra-sensorial","status":"publish","type":"post","link":"https:\/\/cih.org.br\/?p=1957","title":{"rendered":"As Diversas Formas de Percep\u00e7\u00e3o Extra-Sensorial"},"content":{"rendered":"\n<p>Uma observa\u00e7\u00e3o que vale ser feita a todos os praticantes, \u00e9 que existem v\u00e1rias formas de percep\u00e7\u00e3o.<\/p>\n\n\n\n<p>Algumas pessoas s\u00e3o <strong>VISUAIS<\/strong>, por exemplo:<br>&#8220;Jo\u00e3o, voc\u00ea j\u00e1 VIU a m\u00fasica nova que foi lan\u00e7ada da banda\u2026&#8221; &#8211; VER \u00e9 uma caracter\u00edstica visual, que n\u00e3o se aplicaria \u00e0 m\u00fasica, logo, nosso exemplo se refere a uma pessoa VISUAL.<\/p>\n\n\n\n<p>Outras s\u00e3o <strong>AUDITIVAS<\/strong>, por exemplo:<br>&#8220;Menina, ESCUTA s\u00f3, tem um babado fort\u00edssimo pra te contar, vou te mandar aqui, espera que estou escrevendo&#8221; &#8211; aqui, a interlocutora \u00e9 AUDITIVA, embora fosse mandar uma mensagem ESCRITA.<\/p>\n\n\n\n<p>Outras s\u00e3o <strong>CINEST\u00c9SICAS<\/strong>:<br>&#8220;Ent\u00e3o, eu fui l\u00e1, mas n\u00e3o me SENTI bem quando entrei na sala&#8221; &#8211; aqui, a interlocutora \u00e9 CINEST\u00c9SICA &#8211; Este perfil est\u00e1 relacionado com os est\u00edmulos recebidos pelo tato, movimento, pelas sensa\u00e7\u00f5es.<\/p>\n\n\n\n<p>E isso se aplica tamb\u00e9m \u00e0s quest\u00f5es espirituais. O Brasil tem o p\u00e9ssimo h\u00e1bito de chamar tudo de &#8220;Mediunidade&#8221;.<br>Por\u00e9m, temos diversas formas de percep\u00e7\u00e3o:<\/p>\n\n\n\n<ul class=\"wp-block-list\">\n<li><strong>Clarivid\u00eancia <\/strong>ou VIDENTE &#8211; a capacidade de VER com clareza;<\/li>\n\n\n\n<li><strong>Clariaudi\u00eancia <\/strong>&#8211; a capacidade de OUVIR com clareza;<\/li>\n\n\n\n<li><strong>Sensitivo <\/strong>&#8211; o que percebe por impress\u00f5es sensoriais (cinestesia).<\/li>\n<\/ul>\n\n\n\n<p><\/p>\n\n\n\n<blockquote class=\"wp-block-quote is-layout-flow wp-block-quote-is-layout-flow\">\n<p><strong>NEM TODAS AS PESSOAS PERCEBEM &#8220;TODOS&#8221; ESSES EST\u00cdMULOS.<\/strong><br>E da\u00ed que de tanto ouvir sobre &#8220;Desenvolver a sua mediunidade&#8221;, as pessoas acham que tem a OBRIGA\u00c7\u00c3O de ter todas essas qualidades desenvolvidas. Mas n\u00e3o \u00e9 assim, e n\u00e3o existe isso.<br>Temos pessoas que tem uma qualidade inata, mas isso \u00e9 bastante raro. A maior parte das pessoas precisa APRENDER, TREINAR e DESENVOLVER essas habilidades.<br>E alguns nunca ver\u00e3o, outros jamais ouvir\u00e3o e outros jamais sentir\u00e3o.<\/p>\n<\/blockquote>\n\n\n\n<p>Logo, o que todo estudante precisa entender, \u00e9 que existe um aprendizado, e que o primeiro passo \u00e9 voc\u00ea perceber se na vida comum voc\u00ea \u00e9 mais visual, auditivo ou cinest\u00e9sico. Entender isso vai ajudar voc\u00ea na sua jornada. Se voc\u00ea for cinest\u00e9sico, n\u00e3o adianta voc\u00ea querer VER coisas, pois \u00e9 bem capaz que voc\u00ea nunca desenvolva essa habilidade que n\u00e3o existe nem mesmo na sua vida comum.<\/p>\n\n\n\n<p>Portanto, meu conselho \u00e9: identifique qual \u00e9 o seu estilo de percep\u00e7\u00e3o e comece a partir dele, mas ainda assim, percebendo que levar\u00e1 um tempo at\u00e9 &#8220;afinar&#8221; tudo e voc\u00ea conseguir obter resultados.<\/p>\n\n\n\n<p>V\u00e3o com calma, pois cada pessoa tem seu tempo.<br>Ou voc\u00eas acham que um cientista tem resultados na primeira vez que tenta descobrir uma coisa nova? Se fosse assim, j\u00e1 ter\u00edamos a cura do c\u00e2ncer e de outras doen\u00e7as.<\/p>\n\n\n\n<p>Paci\u00eancia e dedica\u00e7\u00e3o s\u00e3o o melhor caminho para o aprendizado e a obten\u00e7\u00e3o de resultados.<\/p>\n","protected":false},"excerpt":{"rendered":"<p>Uma observa\u00e7\u00e3o que vale ser feita a todos os praticantes, \u00e9 que existem v\u00e1rias formas de percep\u00e7\u00e3o. Algumas pessoas s\u00e3o VISUAIS, por exemplo:&#8220;Jo\u00e3o, voc\u00ea j\u00e1 VIU a m\u00fasica nova que foi lan\u00e7ada da banda\u2026&#8221; &#8211; VER \u00e9 uma caracter\u00edstica visual, que n\u00e3o se aplicaria \u00e0 m\u00fasica, logo, nosso exemplo se refere a uma pessoa VISUAL. &hellip; <\/p>\n<p><a class=\"more-link btn\" href=\"https:\/\/cih.org.br\/?p=1957\">Continue lendo<\/a><\/p>\n","protected":false},"author":2,"featured_media":0,"comment_status":"closed","ping_status":"closed","sticky":false,"template":"","format":"standard","meta":{"footnotes":""},"categories":[9],"tags":[437,439,438,246,436,35,435,440,272],"class_list":["post-1957","post","type-post","status-publish","format-standard","hentry","category-artigos","tag-cinestesia","tag-clariaudiencia","tag-clarividencia","tag-enochiano","tag-espiritismo","tag-frater-goya","tag-mediunidade","tag-sensitivo","tag-videncia","nodate","item-wrap"],"_links":{"self":[{"href":"https:\/\/cih.org.br\/index.php?rest_route=\/wp\/v2\/posts\/1957","targetHints":{"allow":["GET"]}}],"collection":[{"href":"https:\/\/cih.org.br\/index.php?rest_route=\/wp\/v2\/posts"}],"about":[{"href":"https:\/\/cih.org.br\/index.php?rest_route=\/wp\/v2\/types\/post"}],"author":[{"embeddable":true,"href":"https:\/\/cih.org.br\/index.php?rest_route=\/wp\/v2\/users\/2"}],"replies":[{"embeddable":true,"href":"https:\/\/cih.org.br\/index.php?rest_route=%2Fwp%2Fv2%2Fcomments&post=1957"}],"version-history":[{"count":1,"href":"https:\/\/cih.org.br\/index.php?rest_route=\/wp\/v2\/posts\/1957\/revisions"}],"predecessor-version":[{"id":1958,"href":"https:\/\/cih.org.br\/index.php?rest_route=\/wp\/v2\/posts\/1957\/revisions\/1958"}],"wp:attachment":[{"href":"https:\/\/cih.org.br\/index.php?rest_route=%2Fwp%2Fv2%2Fmedia&parent=1957"}],"wp:term":[{"taxonomy":"category","embeddable":true,"href":"https:\/\/cih.org.br\/index.php?rest_route=%2Fwp%2Fv2%2Fcategories&post=1957"},{"taxonomy":"post_tag","embeddable":true,"href":"https:\/\/cih.org.br\/index.php?rest_route=%2Fwp%2Fv2%2Ftags&post=1957"}],"curies":[{"name":"wp","href":"https:\/\/api.w.org\/{rel}","templated":true}]}}