{"id":1734,"date":"2023-07-11T17:28:59","date_gmt":"2023-07-11T17:28:59","guid":{"rendered":"https:\/\/cih.org.br\/?p=1734"},"modified":"2023-07-11T19:06:58","modified_gmt":"2023-07-11T19:06:58","slug":"o-simbolismo-do-pelicano-e-o-autosacrificio","status":"publish","type":"post","link":"https:\/\/cih.org.br\/?p=1734","title":{"rendered":"O Simbolismo do Pelicano e o autosacrif\u00edcio"},"content":{"rendered":"\n<p>Por Frater Goya<\/p>\n\n\n\n<p>Historicamente, durante o per\u00edodo da Renascen\u00e7a (entre os s\u00e9c. XIV e XVI), havia uma cren\u00e7a generalizada de que os Pelicanos, em per\u00edodos de falta de alimentos &#8211; como um inverno rigoroso &#8211; por exemplo, alimentavam seus filhotes com o pr\u00f3prio sangue. Era uma cren\u00e7a t\u00e3o popular que \u00e9 poss\u00edvel encontrar diversos registros desse simbolismo nas artes, tais como pinturas e esculturas.<\/p>\n\n\n<div class=\"wp-block-image\">\n<figure class=\"aligncenter size-full\"><a href=\"https:\/\/cih.org.br\/wp-content\/uploads\/2023\/07\/pelicano.jpg\"><img loading=\"lazy\" decoding=\"async\" width=\"480\" height=\"587\" src=\"https:\/\/cih.org.br\/wp-content\/uploads\/2023\/07\/pelicano.jpg\" alt=\"\" class=\"wp-image-1735\" srcset=\"https:\/\/cih.org.br\/wp-content\/uploads\/2023\/07\/pelicano.jpg 480w, https:\/\/cih.org.br\/wp-content\/uploads\/2023\/07\/pelicano-245x300.jpg 245w, https:\/\/cih.org.br\/wp-content\/uploads\/2023\/07\/pelicano-420x514.jpg 420w\" sizes=\"auto, (max-width: 480px) 100vw, 480px\" \/><\/a><\/figure>\n<\/div>\n\n\n<p>Esta representa\u00e7\u00e3o ganhou seu pr\u00f3prio nome, sendo designada como a &#8220;piedade pelicana&#8221;, e no sistema de cren\u00e7as religiosas medieval tornou-se uma alegoria de Cristo e um s\u00edmbolo de caridade.<\/p>\n\n\n<div class=\"wp-block-image\">\n<figure class=\"aligncenter size-full\"><a href=\"https:\/\/cih.org.br\/wp-content\/uploads\/2023\/07\/pelicano3.jpg\"><img loading=\"lazy\" decoding=\"async\" width=\"236\" height=\"357\" src=\"https:\/\/cih.org.br\/wp-content\/uploads\/2023\/07\/pelicano3.jpg\" alt=\"\" class=\"wp-image-1736\" srcset=\"https:\/\/cih.org.br\/wp-content\/uploads\/2023\/07\/pelicano3.jpg 236w, https:\/\/cih.org.br\/wp-content\/uploads\/2023\/07\/pelicano3-198x300.jpg 198w\" sizes=\"auto, (max-width: 236px) 100vw, 236px\" \/><\/a><\/figure>\n<\/div>\n\n\n<p>Mas \u00e9 prov\u00e1vel que esta cren\u00e7a tenha tido origem num comportamento que tamb\u00e9m \u00e9 comum aos flamingos.<\/p>\n\n\n<div class=\"wp-block-image\">\n<figure class=\"aligncenter size-full\"><a href=\"https:\/\/cih.org.br\/wp-content\/uploads\/2023\/07\/pelicano5.jpg\"><img loading=\"lazy\" decoding=\"async\" width=\"615\" height=\"640\" src=\"https:\/\/cih.org.br\/wp-content\/uploads\/2023\/07\/pelicano5.jpg\" alt=\"\" class=\"wp-image-1737\" srcset=\"https:\/\/cih.org.br\/wp-content\/uploads\/2023\/07\/pelicano5.jpg 615w, https:\/\/cih.org.br\/wp-content\/uploads\/2023\/07\/pelicano5-288x300.jpg 288w, https:\/\/cih.org.br\/wp-content\/uploads\/2023\/07\/pelicano5-420x437.jpg 420w\" sizes=\"auto, (max-width: 615px) 100vw, 615px\" \/><\/a><\/figure>\n<\/div>\n\n\n<p>Os flamingos alimentam seus filhotes por regurgita\u00e7\u00e3o, e ela possui cor vermelha e \u00e9 muito f\u00e1cil confundi-la com sangue; se assim for, talvez ao passar a palavra de pessoa para pessoa os flamingos tenham se tornado pelicanos. Mas conv\u00e9m citar que dependendo da alimenta\u00e7\u00e3o, a regurgita\u00e7\u00e3o do pelicano, poderia apresentar a mesma cor.<\/p>\n\n\n<div class=\"wp-block-image\">\n<figure class=\"aligncenter size-full\"><a href=\"https:\/\/cih.org.br\/wp-content\/uploads\/2023\/07\/flamingo0.jpg\"><img loading=\"lazy\" decoding=\"async\" width=\"720\" height=\"608\" src=\"https:\/\/cih.org.br\/wp-content\/uploads\/2023\/07\/flamingo0.jpg\" alt=\"\" class=\"wp-image-1738\" srcset=\"https:\/\/cih.org.br\/wp-content\/uploads\/2023\/07\/flamingo0.jpg 720w, https:\/\/cih.org.br\/wp-content\/uploads\/2023\/07\/flamingo0-300x253.jpg 300w, https:\/\/cih.org.br\/wp-content\/uploads\/2023\/07\/flamingo0-420x355.jpg 420w\" sizes=\"auto, (max-width: 720px) 100vw, 720px\" \/><\/a><\/figure>\n<\/div>\n\n<div class=\"wp-block-image\">\n<figure class=\"aligncenter size-large\"><a href=\"https:\/\/cih.org.br\/wp-content\/uploads\/2023\/07\/flamingo2.jpg\"><img loading=\"lazy\" decoding=\"async\" width=\"1024\" height=\"538\" src=\"https:\/\/cih.org.br\/wp-content\/uploads\/2023\/07\/flamingo2-1024x538.jpg\" alt=\"\" class=\"wp-image-1739\" srcset=\"https:\/\/cih.org.br\/wp-content\/uploads\/2023\/07\/flamingo2-1024x538.jpg 1024w, https:\/\/cih.org.br\/wp-content\/uploads\/2023\/07\/flamingo2-300x158.jpg 300w, https:\/\/cih.org.br\/wp-content\/uploads\/2023\/07\/flamingo2-768x403.jpg 768w, https:\/\/cih.org.br\/wp-content\/uploads\/2023\/07\/flamingo2-420x221.jpg 420w, https:\/\/cih.org.br\/wp-content\/uploads\/2023\/07\/flamingo2.jpg 1200w\" sizes=\"auto, (max-width: 1024px) 100vw, 1024px\" \/><\/a><\/figure>\n<\/div>","protected":false},"excerpt":{"rendered":"<p>Por Frater Goya Historicamente, durante o per\u00edodo da Renascen\u00e7a (entre os s\u00e9c. XIV e XVI), havia uma cren\u00e7a generalizada de que os Pelicanos, em per\u00edodos de falta de alimentos &#8211; como um inverno rigoroso &#8211; por exemplo, alimentavam seus filhotes com o pr\u00f3prio sangue. Era uma cren\u00e7a t\u00e3o popular que \u00e9 poss\u00edvel encontrar diversos registros &hellip; <\/p>\n<p><a class=\"more-link btn\" href=\"https:\/\/cih.org.br\/?p=1734\">Continue lendo<\/a><\/p>\n","protected":false},"author":2,"featured_media":0,"comment_status":"closed","ping_status":"closed","sticky":false,"template":"","format":"standard","meta":{"footnotes":""},"categories":[9,14],"tags":[235,331,35,239,79,89,241],"class_list":["post-1734","post","type-post","status-publish","format-standard","hentry","category-artigos","category-mitologia","tag-abramelin","tag-esoterismo-cristao-2","tag-frater-goya","tag-golden-dawn","tag-magia","tag-rosacrucianismo-2","tag-tarot","nodate","item-wrap"],"_links":{"self":[{"href":"https:\/\/cih.org.br\/index.php?rest_route=\/wp\/v2\/posts\/1734","targetHints":{"allow":["GET"]}}],"collection":[{"href":"https:\/\/cih.org.br\/index.php?rest_route=\/wp\/v2\/posts"}],"about":[{"href":"https:\/\/cih.org.br\/index.php?rest_route=\/wp\/v2\/types\/post"}],"author":[{"embeddable":true,"href":"https:\/\/cih.org.br\/index.php?rest_route=\/wp\/v2\/users\/2"}],"replies":[{"embeddable":true,"href":"https:\/\/cih.org.br\/index.php?rest_route=%2Fwp%2Fv2%2Fcomments&post=1734"}],"version-history":[{"count":2,"href":"https:\/\/cih.org.br\/index.php?rest_route=\/wp\/v2\/posts\/1734\/revisions"}],"predecessor-version":[{"id":1742,"href":"https:\/\/cih.org.br\/index.php?rest_route=\/wp\/v2\/posts\/1734\/revisions\/1742"}],"wp:attachment":[{"href":"https:\/\/cih.org.br\/index.php?rest_route=%2Fwp%2Fv2%2Fmedia&parent=1734"}],"wp:term":[{"taxonomy":"category","embeddable":true,"href":"https:\/\/cih.org.br\/index.php?rest_route=%2Fwp%2Fv2%2Fcategories&post=1734"},{"taxonomy":"post_tag","embeddable":true,"href":"https:\/\/cih.org.br\/index.php?rest_route=%2Fwp%2Fv2%2Ftags&post=1734"}],"curies":[{"name":"wp","href":"https:\/\/api.w.org\/{rel}","templated":true}]}}