{"id":144,"date":"2012-02-13T20:03:35","date_gmt":"2012-02-13T20:03:35","guid":{"rendered":"https:\/\/cih.org.br\/?p=144"},"modified":"2013-01-07T11:09:48","modified_gmt":"2013-01-07T11:09:48","slug":"evento-da-onu-mop8-em-curitiba2006","status":"publish","type":"post","link":"https:\/\/cih.org.br\/?p=144","title":{"rendered":"Evento da ONU MOP8 em Curitiba\/2006"},"content":{"rendered":"<p>Fratris et Sorores, demais companheiros de ordem:<\/p>\n<p>Faze o que tu queres, h\u00e1 de ser o todo da Lei.<\/p>\n<p>Depois de muito meditar, na verdade meditar at\u00e9 os pensamentos n\u00e3o terem mais sentido e a alma n\u00e3o ter mais anseios, pude perguntar. \u00c0quele a quem nada a n\u00e3o ser o sil\u00eancio pode expressar, o que realmente poderia ser feito por meio de nossas m\u00e3os e de nosso trabalho. &#8220;M\u00e3os que fazem alguma coisa de \u00fatil mergulham nas profundidades do ser e dali extraem uma fonte de bondade e paz. A trai\u00e7\u00e3o dos cl\u00e9rigos principiou no dia em que representaram um anjo com asas: pois \u00e9 com as m\u00e3os que se sobe aos c\u00e9us&#8221; .<\/p>\n<p>A voz vibrante do esp\u00edrito, qual Athena respondendo a Ulisses, ressoa dentro do ser e ent\u00e3o responde sem deixar d\u00favidas quanto ao que dever ser feito: &#8220;Os deuses n\u00e3o far\u00e3o pelos homens aquilo que os homens devem fazer por si mesmos&#8230;&#8221; . Meu esp\u00edrito at\u00e9 ent\u00e3o perturbado e inquieto se acalma, pois encontro material suficiente para trazer aos presentes sobre nossa posi\u00e7\u00e3o diante de uma sustenta\u00e7\u00e3o da vida no planeta.<\/p>\n<p>Representantes que somos daqueles que a n\u00f3s pedem orienta\u00e7\u00e3o e sa\u00edda para n\u00e3o serem v\u00edtimas de uma realidade frustrante, n\u00e3o devemos em momento algum nos omitir ou nos esquivar de tomar uma posi\u00e7\u00e3o s\u00f3lida, arrojada e efetiva perante o mundo que\u00a0 nos rodeia. Olhando ao redor, vemos pessoas que se dizem preocupadas com o meio ambiente, com causas sociais, protetores de minorias. Muitos portam o importante t\u00edtulo de Utilidade P\u00fablica, por\u00e9m sem ter utilidade alguma. Sei que este quadro<br \/>\nn\u00e3o representa todos, mas posso seguramente dizer que representa uma maioria.<\/p>\n<p>N\u00e3o \u00e9 apenas a baleia azul ou o mico le\u00e3o dourado os amea\u00e7ados de extin\u00e7\u00e3o. Mas para onde caminha a humanidade enquanto caminhamos com passo de ganso sem dire\u00e7\u00e3o ou objetivo? Quando nos preocuparemos efetivamente com um todo, ao inv\u00e9s de nos preocuparmos apenas com uma parte? O verdadeiro objetivo dos primeiros rosacruzes era a busca de um conhecimento unificado, do todo, uma Pansofia, ou como alguns mais modernos preferem, um conhecimento hol\u00edstico. Nos antigos manifestos parisienses podemos ler: &#8220;Como um prel\u00fadio ao que suceder\u00e1 mais adiante, haver\u00e1 agora uma reforma geral, tanto de coisas divinas como humanas, conforme desejamos, e outros esperam. Pois, \u00e9 natural que, antes do nascer do Sol, surja a AURORA, ou alguma claridade, ou divina luz, no C\u00e9u; e, entretanto, alguns, que dar\u00e3o seus nomes, se reunir\u00e3o para aumentar o n\u00famero e o respeito de nossa FRATERNIDADE, dando feliz e t\u00e3o desejado come\u00e7o aos nossos C\u00e2nones Filos\u00f3ficos, para n\u00f3s prescritos pelo nosso irm\u00e3o R.C., participando ent\u00e3o dos nossos tesouros (que nunca se esgotam ou corrompem), com toda humildade, e amor que os alivie do labor e das mis\u00e9rias deste mundo, de modo que n\u00e3o caminhem t\u00e3o cegamente no conhecimento das maravilhosas obras de Deus.&#8221; &#8211; FAMA FRATERNITATIS (1614).<\/p>\n<p>Naqueles tempos, poucos eram os grupos e menos ainda numerosas as pessoas que ousavam se agremiar em tais institui\u00e7\u00f5es. Hoje, em tempos de economia global, internet, derrubada de fronteiras pol\u00edticas, resta-nos ainda uma \u00faltima fronteira: a fronteira humana, do preconceito, da ignor\u00e2ncia e da jact\u00e2ncia de alguns. De que adianta derrubar barreiras pol\u00edticas e n\u00e3o se derrubar as barreiras espirituais?<\/p>\n<p>Nunca esteve t\u00e3o pr\u00f3ximo de grupos como estes que estamos hoje aqui representando, o sonho de uma unidade. Unidade na pluralidade de cren\u00e7as, objetivos e m\u00e9todos. Por\u00e9m, aquilo que vemos \u00e9 a disc\u00f3rdia e a desuni\u00e3o entre aqueles que deviam estar irmanados num objetivo maior.<\/p>\n<p>Fala-se em paz, amor, uni\u00e3o e outros termos sugestivos e filos\u00f3ficos, por\u00e9m apunhalam-se uns aos outros renegando tudo aquilo que pregam. Fala-se da cura da alma atrav\u00e9s de uma boca doente.<\/p>\n<p>Plantar uma \u00e1rvore? Fazer um discurso de palavras vazias, perdidas no vento? Fazer campanha do agasalho? Ser\u00e1 que apenas isso \u00e9 o suficiente para o mundo em que estamos vivendo? Alguma coisa destas pr\u00e1ticas tem sido efetiva para melhorar nosso meio ambiente? \u00c9 esse tipo de harmonia que buscamos, ou isso \u00e9 apenas um meio de dizer tal qual um rezador de esquina que estamos fazendo a nossa parte?<\/p>\n<p>Nesta altura da minha leitura, muitos devem estar se perguntando o que fa\u00e7o aqui, qual \u00e9 afinal minha pretens\u00e3o se apenas atiro pedras?<\/p>\n<p>Irm\u00e3os perdoem-me, mas \u00e9 no m\u00ednimo omiss\u00e3o e hipocrisia acreditar que ao juntar meia d\u00fazia de blusas e latas de leite estamos melhorando o mundo. Nossos membros, nosso mundo pedem urgentemente que fa\u00e7amos algo muito mais profundo e eficaz do que apenas tentar. \u00c9 preciso fazer de uma vez por todas. Se algu\u00e9m aqui presente tem realmente algum n\u00edvel ou poder real em suas m\u00e3os, \u00e9 urgente que utilizemos esse potencial para atingir o \u00e2mago da quest\u00e3o.<\/p>\n<p>Precisamos sair da casca, deixar de nos esconder sob bandeiras, t\u00edtulos e m\u00e1scaras de bonzinhos. O mundo n\u00e3o precisa mais de \u00eddolos, precisa de a\u00e7\u00e3o. Pessoas doentes, famintas, desamparadas de todas as formas poss\u00edveis e imagin\u00e1veis exigem mais de n\u00f3s do que uma parte de nossa medita\u00e7\u00e3o di\u00e1ria. Mas o que fazer? Como agir ent\u00e3o diante de t\u00e3o catastr\u00f3fica situa\u00e7\u00e3o?<\/p>\n<p>\u00c9 preciso irm\u00e3os meus, que mergulhemos na humanidade como um todo, correndo pelas veias da vida comum. Devemos nos apresentar na sociedade sem medo, deixar de ser apenas um meio marginal de vida, para que todos, sem exce\u00e7\u00e3o possam se beneficiar daquilo que temos a oferecer. \u00c9 preciso levar essa consci\u00eancia n\u00e3o apenas \u00e0queles que nos procuram esporadicamente, mas a todos ao nosso redor.<\/p>\n<p>\u00c9 preciso agir na educa\u00e7\u00e3o, sa\u00fade, finan\u00e7as. N\u00e3o basta ter apenas uma vis\u00e3o espiritual. \u00c9 preciso ter uma a\u00e7\u00e3o espiritual tamb\u00e9m. Devemos incentivar as pr\u00e1ticas espirituais em todos os momentos, palavras e a\u00e7\u00f5es. \u00c9 a\u00ed que chegaremos a um reto caminhar.<br \/>\nIsso \u00e9 mais f\u00e1cil do que parece \u00e0 primeira vista. Se H\u00e9rcules com seus ombros uniu o Mar Mediterr\u00e2neo ao Atl\u00e2ntico, o que faremos n\u00f3s usando nosso corpo inteiro? Devemos nos voltar para a comunidade que nos cerca e abriga e devolver a ela aquilo que nos oferece graciosamente.<\/p>\n<p>Devemos come\u00e7ar a desenvolver trabalhos ligados \u00e0 educa\u00e7\u00e3o, como nossos irm\u00e3os da Antroposofia vem fazendo h\u00e1 tempos, e precisam de nossa ajuda para continuar e prosperar. \u00c9 preciso melhorar a sa\u00fade geral, criando talvez postos ou pelo menos espa\u00e7os dedicados \u00e0 cura dos enfermos que se apresentam diante de n\u00f3s, usando todas as t\u00e9cnicas que possu\u00edmos, como Shiatsu, Reiki, Medicina Ayurv\u00e9dica, Medicina Tradicional Chinesa, etc. Fomentar a cria\u00e7\u00e3o de espa\u00e7os ecum\u00eanicos voltados ao cultivo da natureza, que estejam amparados por v\u00e1rios grupos simultaneamente. \u00c9 preciso acabar com as nossas fronteiras tamb\u00e9m, irm\u00e3os.<\/p>\n<p>Devemos ainda n\u00e3o apenas cobrar dos pol\u00edticos medidas efetivas em rela\u00e7\u00e3o a essas \u00e1reas, mas participarmos ativamente,\u00a0 politicamente se preciso for, para trazer algum benef\u00edcio \u00e0 humanidade em geral e a todos os seres que de n\u00f3s dependem. N\u00e3o h\u00e1 hoje um ser sequer sobre a face da Terra que n\u00e3o dependa pelo menos indiretamente do futuro da Humanidade. Portanto, devemos cuidar dela para que o restante possa se beneficiar. Foi a\u00a0 Humanidade que criou o desequil\u00edbrio na natureza e \u00e9 ela que deve restabelecer esse equil\u00edbrio.<\/p>\n<p>Particularmente acredito que a miss\u00e3o do esp\u00edrito \u00e9 auxiliar na evolu\u00e7\u00e3o da mat\u00e9ria. E para que isso possa realmente acontecer, devemos deixar nossos casulos, nossos guetos espirituais, nos dedicando n\u00e3o a n\u00f3s mesmos, mas ao mundo que est\u00e1 ao nosso redor.<br \/>\nCriando projetos sociais reais, que possam agregar nossa comunidade pr\u00f3xima, civil, religiosa e espiritualmente falando.<\/p>\n<p>N\u00e3o pe\u00e7o que acreditem em mim ou aceitem plenamente minhas palavras. Mas pe\u00e7o em nome do esp\u00edrito que buscamos cultivar e desenvolver, aux\u00edlio para um mundo sofredor e moribundo, que se tornou assim justamente porque n\u00f3s, enquanto seres humanos viramos as costas para ele. O mundo n\u00e3o precisa agora de palavras espirituosas. Precisa que nosso esp\u00edrito se manifeste na carne e arranque a ganga daquilo que vir\u00e1 a ser nosso ouro puro.<\/p>\n<p>&#8220;Eis uma das maiores asneiras do mundo! Quando nossa sorte adoece (frequentemente pelos excessos do nosso comportamento), culpamos o sol, a lua, e as estrelas dos nossos desastres: Como se f\u00f4ssemos vil\u00f5es por necessidade; loucos por compuls\u00e3o celeste; velhacos, ladr\u00f5es e traidores por conjun\u00e7\u00e3o das esferas; b\u00eabados, mentirosos e ad\u00falteros por obedi\u00eancia for\u00e7ada a influ\u00eancias planet\u00e1rias, e tudo que fazemos de mal, por imposi\u00e7\u00e3o divina. Que admir\u00e1vel escapat\u00f3ria do homem devasso, responsabilizar, por sua lasc\u00edvia, uma estrela. N\u00e3o est\u00e1 em nossas estrelas, mas em n\u00f3s mesmos a culpa de sermos inferiores.&#8221;<\/p>\n<p>\u2022\u00a0\u00a0\u00a0\u00a0\u00a0\u00a0 Shakespeare, J\u00falio C\u00e9sar<\/p>\n<p>Em desejos de Luz, Vida, Amor e Liberdade,<br \/>\nFrater Goya (Anderson Rosa)<br \/>\nAmor \u00e9 a lei, amor sob Vontade<br \/>\nAnk, Usa, Semb (Vida, Prosperidade e Sa\u00fade)<\/p>\n<p>Anno IVxiii Sol 28\u00b0 Pisces, Luna 15\u00b0 Scorpio Dies Solis<\/p>\n<p>Domingo, 19 de mar\u00e7o de 2006 e.v. 01:13<\/p>\n","protected":false},"excerpt":{"rendered":"<p>Fratris et Sorores, demais companheiros de ordem: Faze o que tu queres, h\u00e1 de ser o todo da Lei. Depois de muito meditar, na verdade meditar at\u00e9 os pensamentos n\u00e3o terem mais sentido e a alma n\u00e3o ter mais anseios, pude perguntar. \u00c0quele a quem nada a n\u00e3o ser o sil\u00eancio pode expressar, o que &hellip; <\/p>\n<p><a class=\"more-link btn\" href=\"https:\/\/cih.org.br\/?p=144\">Continue lendo<\/a><\/p>\n","protected":false},"author":9691,"featured_media":0,"comment_status":"open","ping_status":"closed","sticky":false,"template":"","format":"standard","meta":{"footnotes":""},"categories":[10,88],"tags":[],"class_list":["post-144","post","type-post","status-publish","format-standard","hentry","category-manifesto","category-rosacruz","nodate","item-wrap"],"_links":{"self":[{"href":"https:\/\/cih.org.br\/index.php?rest_route=\/wp\/v2\/posts\/144","targetHints":{"allow":["GET"]}}],"collection":[{"href":"https:\/\/cih.org.br\/index.php?rest_route=\/wp\/v2\/posts"}],"about":[{"href":"https:\/\/cih.org.br\/index.php?rest_route=\/wp\/v2\/types\/post"}],"author":[{"embeddable":true,"href":"https:\/\/cih.org.br\/index.php?rest_route=\/wp\/v2\/users\/9691"}],"replies":[{"embeddable":true,"href":"https:\/\/cih.org.br\/index.php?rest_route=%2Fwp%2Fv2%2Fcomments&post=144"}],"version-history":[{"count":0,"href":"https:\/\/cih.org.br\/index.php?rest_route=\/wp\/v2\/posts\/144\/revisions"}],"wp:attachment":[{"href":"https:\/\/cih.org.br\/index.php?rest_route=%2Fwp%2Fv2%2Fmedia&parent=144"}],"wp:term":[{"taxonomy":"category","embeddable":true,"href":"https:\/\/cih.org.br\/index.php?rest_route=%2Fwp%2Fv2%2Fcategories&post=144"},{"taxonomy":"post_tag","embeddable":true,"href":"https:\/\/cih.org.br\/index.php?rest_route=%2Fwp%2Fv2%2Ftags&post=144"}],"curies":[{"name":"wp","href":"https:\/\/api.w.org\/{rel}","templated":true}]}}