{"id":1387,"date":"2020-01-17T13:37:27","date_gmt":"2020-01-17T13:37:27","guid":{"rendered":"https:\/\/cih.org.br\/?p=1387"},"modified":"2020-01-17T13:46:38","modified_gmt":"2020-01-17T13:46:38","slug":"dias-sagrados-e-eventos-importantes-do-calendario-thelemico","status":"publish","type":"post","link":"https:\/\/cih.org.br\/?p=1387","title":{"rendered":"Dias Sagrados e Eventos importantes do Calend\u00e1rio Thel\u00eamico"},"content":{"rendered":"\n<blockquote class=\"wp-block-quote is-layout-flow wp-block-quote-is-layout-flow\"><p>&#8220;Que os rituais sejam corretamente executados com alegria &amp; beleza!&#8221;<br> Liber AL II:35<\/p><\/blockquote>\n\n\n\n<p>Os dias sagrados de Thelema est\u00e3o sinalizados no Liber AL, cap\u00edtulo II, vers. 36\u201341. Crowley os especificou em seus coment\u00e1rios, como segue:<\/p>\n\n\n\n<p>Os rituais dos elementos e as festas das esta\u00e7\u00f5es s\u00e3o observados nos Equin\u00f3cios (Outono e Primavera) e Solst\u00edcios (Inverno e Ver\u00e3o).<\/p>\n\n\n\n<p><strong>20 de Mar\u00e7o &#8211;<\/strong> A Festa do Supremo Ritual, que celebra a invoca\u00e7\u00e3o de H\u00f3rus, o ritual executado por Crowley nesta data no ano de 1904, que marca o in\u00edcio do Novo Aeon (ou melhor dizendo, da transi\u00e7\u00e3o entre a Era de Peixes e de Aqu\u00e1rio, que dura aproximadamente 150 anos, se encerrando em 2.050 e.v, quando finalmente estaremos efetivamente na Era de Aqu\u00e1rio).<\/p>\n\n\n\n<p><strong>20\/21 de Mar\u00e7o<\/strong> <strong>&#8211;<\/strong> O Equin\u00f3cio dos Deuses, que se refere ao ano novo Thel\u00eamico. Embora possa ocorrer na mesma data que a Invoca\u00e7\u00e3o de H\u00f3rus, s\u00e3o tratados como eventos diferentes. No Hemisf\u00e9rio Sul, esta data corresponde ao Equin\u00f3cio de Outono.<\/p>\n\n\n\n<p><strong>08, 09 e 10 de Abril &#8211;<\/strong> Festa dos tr\u00eas dias da reda\u00e7\u00e3o do livro da lei. Esses tr\u00eas dias s\u00e3o comemorativos dos tr\u00eas dias do ano de 1904, durante os quais Aleister Crowley escreveu o Livro da Lei. Um cap\u00edtulo foi escrito a cada dia, o primeiro em 8 de abril, o segundo em 9 de abril e o terceiro em 10 de abril. Embora n\u00e3o exista uma maneira oficial de celebrar um feriado thel\u00eamico, esse dia de festa em particular geralmente \u00e9 comemorado pela leitura do cap\u00edtulo correspondente em cada um dos tr\u00eas dias, geralmente ao meio-dia.<\/p>\n\n\n\n<p><strong>20\/21 de Junho &#8211;<\/strong> Solst\u00edcio de Ver\u00e3o no Hemisf\u00e9rio Norte e o Solst\u00edcio de Inverno no Hemisf\u00e9rio Sul.<\/p>\n\n\n\n<p><strong>12 de Agosto &#8211;<\/strong> A festa para a primeira noite do Profeta e sua Noiva, celebrando a comunh\u00e3o de Crowley com sua Noiva que p\u00f4de dar origem ao Livro da Lei.<\/p>\n\n\n\n<p><strong>21\/22 de Setembro &#8211;<\/strong> O Equin\u00f3cio de Outono no Hemisf\u00e9rio Norte e o Equin\u00f3cio Vernal no Hemisf\u00e9rio Sul.<\/p>\n\n\n\n<p><strong>20\/21 de Dezembro &#8211; <\/strong>O Solst\u00edcio de Inverno no Hemisf\u00e9rio Norte e o Solst\u00edcio de Ver\u00e3o no Hemisf\u00e9rio Sul.<\/p>\n\n\n\n<p>Tamb\u00e9m existem as festas que correspondem a momentos espec\u00edficos da vida:<\/p>\n\n\n\n<p> <strong>A Festa para a Vida<\/strong> corresponde ao Nascimento de um Thelemita.<br> <strong>A Festa para o Fogo<\/strong> \u00e9 a puberdade de um garoto, comumente celebrada aos 14 anos.<br> <strong>A Festa para a \u00c1gua<\/strong> \u00e9 a puberdade de uma garota, na ocasi\u00e3o de sua primeira menstrua\u00e7\u00e3o.<br> <strong>A Festa para a Morte<\/strong> na ocasi\u00e3o da Morte do indiv\u00edduo.<\/p>\n\n\n\n<p>Em L.L.L.L.<br>\nFrater Goya<br>\nAnk Usa Semb<\/p>\n\n\n\n<p>Campo Mour\u00e3o, 16 de janeiro de 2020, 08:30<br>\nSol 26\u00b049&#8242; Capricorni, Luna 26\u00ba10&#8243; Libra, dies Veneris hora luna<\/p>\n","protected":false},"excerpt":{"rendered":"<p>&#8220;Que os rituais sejam corretamente executados com alegria &amp; beleza!&#8221; Liber AL II:35 Os dias sagrados de Thelema est\u00e3o sinalizados no Liber AL, cap\u00edtulo II, vers. 36\u201341. Crowley os especificou em seus coment\u00e1rios, como segue: Os rituais dos elementos e as festas das esta\u00e7\u00f5es s\u00e3o observados nos Equin\u00f3cios (Outono e Primavera) e Solst\u00edcios (Inverno e &hellip; <\/p>\n<p><a class=\"more-link btn\" href=\"https:\/\/cih.org.br\/?p=1387\">Continue lendo<\/a><\/p>\n","protected":false},"author":9691,"featured_media":0,"comment_status":"closed","ping_status":"closed","sticky":false,"template":"","format":"standard","meta":{"footnotes":""},"categories":[6],"tags":[60,316,243,313,72,309,322,35,221,319,156],"class_list":["post-1387","post","type-post","status-publish","format-standard","hentry","category-thelema","tag-aleister-crowley","tag-ano-novo","tag-astrologia","tag-calendario","tag-crowley","tag-diario","tag-equinocio-dos-deuses","tag-frater-goya","tag-horus","tag-nova-era","tag-novo-aeon","nodate","item-wrap"],"_links":{"self":[{"href":"https:\/\/cih.org.br\/index.php?rest_route=\/wp\/v2\/posts\/1387","targetHints":{"allow":["GET"]}}],"collection":[{"href":"https:\/\/cih.org.br\/index.php?rest_route=\/wp\/v2\/posts"}],"about":[{"href":"https:\/\/cih.org.br\/index.php?rest_route=\/wp\/v2\/types\/post"}],"author":[{"embeddable":true,"href":"https:\/\/cih.org.br\/index.php?rest_route=\/wp\/v2\/users\/9691"}],"replies":[{"embeddable":true,"href":"https:\/\/cih.org.br\/index.php?rest_route=%2Fwp%2Fv2%2Fcomments&post=1387"}],"version-history":[{"count":0,"href":"https:\/\/cih.org.br\/index.php?rest_route=\/wp\/v2\/posts\/1387\/revisions"}],"wp:attachment":[{"href":"https:\/\/cih.org.br\/index.php?rest_route=%2Fwp%2Fv2%2Fmedia&parent=1387"}],"wp:term":[{"taxonomy":"category","embeddable":true,"href":"https:\/\/cih.org.br\/index.php?rest_route=%2Fwp%2Fv2%2Fcategories&post=1387"},{"taxonomy":"post_tag","embeddable":true,"href":"https:\/\/cih.org.br\/index.php?rest_route=%2Fwp%2Fv2%2Ftags&post=1387"}],"curies":[{"name":"wp","href":"https:\/\/api.w.org\/{rel}","templated":true}]}}